{"id":862,"date":"2013-03-10T06:30:58","date_gmt":"2013-03-10T06:30:58","guid":{"rendered":"http:\/\/franz-zehnbier.de\/?p=862"},"modified":"2013-03-12T16:49:23","modified_gmt":"2013-03-12T16:49:23","slug":"franz-zehnbier-der-retter","status":"publish","type":"post","link":"https:\/\/franz-zehnbier.de\/?p=862","title":{"rendered":"Franz Zehnbier &#8211; Der Retter."},"content":{"rendered":"<p><a href=\"https:\/\/franz-zehnbier.de\/wp-content\/uploads\/2013\/03\/Franz-Zehnbier-Der-Retter.jpg\"><img loading=\"lazy\" decoding=\"async\" class=\"alignleft size-thumbnail wp-image-867\" alt=\"Franz Zehnbier-Der Retter\" src=\"https:\/\/franz-zehnbier.de\/wp-content\/uploads\/2013\/03\/Franz-Zehnbier-Der-Retter-150x150.jpg\" width=\"150\" height=\"150\" srcset=\"https:\/\/franz-zehnbier.de\/wp-content\/uploads\/2013\/03\/Franz-Zehnbier-Der-Retter-150x150.jpg 150w, https:\/\/franz-zehnbier.de\/wp-content\/uploads\/2013\/03\/Franz-Zehnbier-Der-Retter-300x300.jpg 300w, https:\/\/franz-zehnbier.de\/wp-content\/uploads\/2013\/03\/Franz-Zehnbier-Der-Retter.jpg 800w\" sizes=\"auto, (max-width: 150px) 100vw, 150px\" \/><\/a>Oder rette sich wer kann&#8230;<\/p>\n<p>wenn du es ahnst es geht nichts mehr \u2026 dann kommt der Mehdorn aus dem nichts daher!<\/p>\n<p>Seine Bahnprivatisierung war so erfolgreich, dass sie den Bahnfahren kr\u00e4ftig an die B\u00f6rse ging. In vielen Orten und Regionen des Landes erinnert nichts mehr daran, dass es dort einmal ein Bahnnetz und eine Bahnverbindung gab.<iframe loading=\"lazy\" src=\"http:\/\/www.youtube.com\/embed\/dsAdIT46ieQ\" height=\"315\" width=\"560\" allowfullscreen=\"\" frameborder=\"0\"><\/iframe><\/p>\n<p>Die Bahn AG investierte vor allem in die Umbenennung von Stra\u00dfen und Pl\u00e4tzen aus: Am Bahnhof wurde: Am Mehdorn, aus: Zum Bahnhof, wurde: Zum Mehdorn usw. um die Bahn aus dem \u00f6ffentlichen Ged\u00e4chtnis zu entfernen.<br \/>\nIn der Zwischenzeit hatte der schnellw\u00fcchsige Mehdorn, die Gleisanlagen und Bahnd\u00e4mme v\u00f6llig renaturiert, daf\u00fcr bekam der Bahnchef 1999 die Auszeichnung \u00d6ko- Manager des Jahres!<\/p>\n<p>Sein Nachfolger R\u00fcdiger Grube h\u00e4lt an dieser Unternehmenspolitik fest und will 2021 wenn alles gut geht &#8211; den Stuttgarter Bahnhofsplatz &#8211; nach dem der alte Bahnhof komplett r\u00fcckgebaut wurde und auf dem Gel\u00e4nde nur eine riesige Baugrube zu finden ist, in: An der Grube, umbenennen.<\/p>\n<p>Doch bevor es zu einem Nachfolger an der Bahnspitze kam &#8211; bekam der harte Mut der Bahn den Mielke Award 2.0 weil er sich so f\u00fcrsorglich um das Privatleben seiner Mitarbeiter k\u00fcmmerte.<\/p>\n<p>Dann die Radreifenprobleme beim ICE &#8211; die auch nur auftraten, weil immer noch nicht alle Bahnstrecken eingestellt und renaturiert waren das machte ihm zu schaffen.<\/p>\n<p>In diesem Moment kam Rettung aus der Luft von Air Berlin. Doch auch diese Maschine wollte nicht so richtig durchstarten&#8230;. kurz vor einer bevorstehenden\u00a0 Bruchlandung, rettete ihn Bundesverkehrsminister Ramsauer, in dem er ihn beherzt &#8211; aus dem &#8211; ins trudeln geratenen Ferienflieger stie\u00df.<\/p>\n<p>V\u00f6llig verwirrt &#8211; fand er sich auf der verlassenen Baustelle vom Flughafen\u00a0 Berlin-Brandenburg-International Willi Brandt wieder, wo er &#8211; bevor er wieder richtig zu sich kam, von K\u00f6nig Wo-wie dem I. von Spree \u2013 Athen umarmt und gek\u00fcsst wurde mit den Worten: \u201eDich schickt der Himmel!\u201c<\/p>\n<p>Denn immerhin, dass einzige was funktioniert am BBI sind die Bel\u00fcftungsfahrten der Berliner S\u2013 Bahn.<\/p>\n<p>Berliner S- Bahnkunden meinen eher die Bel\u00fcftungsfahrten sind &#8211; dass einzige was bei der S- Bahn in Berlin funktioniert.<\/p>\n<p>Aber nun &#8211; man kann ja auch verschiedener Meinung sein.<br \/>\nBleibt am Ende noch die eine, oder andere Frage:<\/p>\n<p>Wird der frischgebackene 70 Jahre alte Flughafenchef &#8211; eher im Himmel sein &#8211; als es ein Flugzeug von einer der Startbahnen je schaffen wird?<\/p>\n<p>Aber egal \u2013 wichtiger ist die Frage &#8211; was wird er machen &#8211; wenn die ersten Kofferb\u00e4nder r\u00fcckw\u00e4rts im Testbetrieb laufen?<\/p>\n<p>Ich vermute mal er rettet dann &#8211; f\u00fcr die &#8211; von der FDP ge-frackte Angie &#8211; die Energie-wende \u2013 also die Atomkraft, die Kohle &#8211; und findet in einer\u00a0\u00a0 stillgelegten Baugrube in Stuttgart, dass ideale Endlager in der dann &#8211; der ganze Atomm\u00fcll versenkt werden kann.<\/p>\n<p>Der Stuttgarter Stern strahlt nun wieder in v\u00f6llig neuem Glanze &#8211;<br \/>\nund so &#8211; rettet er &#8211; in diesem Atemzug ganz nebenbei &#8211; auch noch Mercedes Benz &#8211; da die Castoren nach Stuttgart ohne Bahnanschluss &#8211; nat\u00fcrlich mit dem LKW transportiert werden m\u00fcssen.<\/p>\n<p>So liebe Freunde ich rette mich jetzt mal wieder mit einer Kiste Bier \u00fcber die kommenden Tage und verbleibe &#8211; sollte ich noch zu retten sein &#8211; herzlichst bis zum n\u00e4chsten mal \u2026.<\/p>\n","protected":false},"excerpt":{"rendered":"<p>Oder rette sich wer kann&#8230; wenn du es ahnst es geht nichts mehr \u2026 dann kommt der Mehdorn aus dem nichts daher! Seine Bahnprivatisierung war so erfolgreich, dass sie den Bahnfahren kr\u00e4ftig an die B\u00f6rse ging. In vielen Orten und &hellip; <a href=\"https:\/\/franz-zehnbier.de\/?p=862\">Weiterlesen <span class=\"meta-nav\">&rarr;<\/span><\/a><\/p>\n","protected":false},"author":2,"featured_media":0,"comment_status":"open","ping_status":"open","sticky":false,"template":"","format":"standard","meta":{"footnotes":""},"categories":[121,1,3],"tags":[],"class_list":["post-862","post","type-post","status-publish","format-standard","hentry","category-121","category-allgemein","category-woche-mit-zehnbier"],"_links":{"self":[{"href":"https:\/\/franz-zehnbier.de\/index.php?rest_route=\/wp\/v2\/posts\/862","targetHints":{"allow":["GET"]}}],"collection":[{"href":"https:\/\/franz-zehnbier.de\/index.php?rest_route=\/wp\/v2\/posts"}],"about":[{"href":"https:\/\/franz-zehnbier.de\/index.php?rest_route=\/wp\/v2\/types\/post"}],"author":[{"embeddable":true,"href":"https:\/\/franz-zehnbier.de\/index.php?rest_route=\/wp\/v2\/users\/2"}],"replies":[{"embeddable":true,"href":"https:\/\/franz-zehnbier.de\/index.php?rest_route=%2Fwp%2Fv2%2Fcomments&post=862"}],"version-history":[{"count":9,"href":"https:\/\/franz-zehnbier.de\/index.php?rest_route=\/wp\/v2\/posts\/862\/revisions"}],"predecessor-version":[{"id":865,"href":"https:\/\/franz-zehnbier.de\/index.php?rest_route=\/wp\/v2\/posts\/862\/revisions\/865"}],"wp:attachment":[{"href":"https:\/\/franz-zehnbier.de\/index.php?rest_route=%2Fwp%2Fv2%2Fmedia&parent=862"}],"wp:term":[{"taxonomy":"category","embeddable":true,"href":"https:\/\/franz-zehnbier.de\/index.php?rest_route=%2Fwp%2Fv2%2Fcategories&post=862"},{"taxonomy":"post_tag","embeddable":true,"href":"https:\/\/franz-zehnbier.de\/index.php?rest_route=%2Fwp%2Fv2%2Ftags&post=862"}],"curies":[{"name":"wp","href":"https:\/\/api.w.org\/{rel}","templated":true}]}}