{"id":669,"date":"2012-08-18T23:18:23","date_gmt":"2012-08-18T23:18:23","guid":{"rendered":"http:\/\/franz-zehnbier.de\/?p=669"},"modified":"2012-08-21T17:08:27","modified_gmt":"2012-08-21T17:08:27","slug":"franz-zehnbier-hauserkampf","status":"publish","type":"post","link":"https:\/\/franz-zehnbier.de\/?p=669","title":{"rendered":"Franz Zehnbier &#8222;H\u00e4userkampf&#8220;"},"content":{"rendered":"<p><span style=\"font-family: Verdana,sans-serif;\"><a href=\"https:\/\/franz-zehnbier.de\/wp-content\/uploads\/2012\/08\/33kw2012.jpg\"><img loading=\"lazy\" decoding=\"async\" class=\"alignleft size-thumbnail wp-image-670\" title=\"33kw2012\" src=\"https:\/\/franz-zehnbier.de\/wp-content\/uploads\/2012\/08\/33kw2012-150x150.jpg\" alt=\"\" width=\"150\" height=\"150\" srcset=\"https:\/\/franz-zehnbier.de\/wp-content\/uploads\/2012\/08\/33kw2012-150x150.jpg 150w, https:\/\/franz-zehnbier.de\/wp-content\/uploads\/2012\/08\/33kw2012-300x300.jpg 300w, https:\/\/franz-zehnbier.de\/wp-content\/uploads\/2012\/08\/33kw2012.jpg 800w\" sizes=\"auto, (max-width: 150px) 100vw, 150px\" \/><\/a>H\u00e4userkampf, wer von euch da an den Kosovo, an Afghanistan oder Syrien denkt &#8211; liegt v\u00f6llig verkehrt.<\/span><\/p>\n<p>Mitten im Sommerloch kam sie &#8211; die Meldung am Rande &#8211; die uns alle zu denken geben sollte. Die Bundeswehr baut f\u00fcr \u201eknapp\u201c 100 Millionen Euro Steuergeld eine \u00dcbungsstadt mit eigenem Bahnhof, Industriegebiet und Elendsviertel.<br \/>\nDieses europaweit einmalige Trainingsgel\u00e4nde entsteht in Sachsen Anhalt im Zuge des \u201eAufbau Ost\u201c \u2013 auf dem historischen Grund von Schn\u00f6ggersburg &#8211; einem Ort der von der Wehrmacht geschliffen wurde f\u00fcr einen Truppen\u00fcbungsplatz.<\/p>\n<p><iframe loading=\"lazy\" width=\"420\" height=\"315\" src=\"http:\/\/www.youtube.com\/embed\/JDgWiL5bYT4\" frameborder=\"0\" allowfullscreen><\/iframe><\/p>\n<p>Die Bundeswehr baut halt immer noch gern auf gute Traditionen aus der Vergangenheit auf.<br \/>\nAb 2017 sollen bis zu 1500 Soldaten gleichzeitig dort den H\u00e4userkampf trainieren.<br \/>\nWas mir Sorge bereitet &#8211; die Bundeswehr ist nach der Aussetzung der Wehrpflicht keine Armee des Landes, des Volkes mehr &#8211; sondern vollzieht mit riesen Schritten einen Wandel von einer Verteidigungsarmee zu einer vom Steuerzahler finanzierten S\u00f6ldnertruppe, die f\u00fcr die Wirtschaftsinteressen gro\u00dfer Konzerne ins Feld zieht &#8211; mit oder ohne den Segen der UN.<\/p>\n<p>Bei der Gamescom in K\u00f6ln wirbt die Bundeswehr ihren Nachwuchs an frei nach dem Motto: Willst du immer nur Killerspiele spielen? Komm hole dir den ultimativen Kick \u2026 \u201emake it real\u201c Bundeswehr.<\/p>\n<p>Und just in diesem Moment verk\u00fcndet das Bundesverfassungsgericht, dass bereits in unserem Land vor Monaten unmerkellich die Regierung \u00fcbernahm: Die Bundeswehr d\u00fcrfe auch mit Waffengewalt im inneren unseres Landes eingesetzt werden. Eine erstaunliche Auslegung unseres Grundgesetzes, ich vermute, dass auf Weisung dieses Gremiums dann 2017 die ersten Hartz IV Empf\u00e4nger und Asylbewerber nach Schn\u00f6ggersburg zwangsumgesiedelt werden &#8211; damit die \u00dcbungsbedingungen auch Real sind. Verluste werden umgehend durch neue ersetzt.<br \/>\nIst die Truppe erst einmal richtig trainiert, kann die Politik im Auftrag der Monopolisten und Weltkonzerne s\u00e4mtliche sozialen Leistungen &#8211; f\u00fcr die wir eingezahlt haben &#8211; in unserem Lande und Europa streichen.<br \/>\nDann dauert es sicher nicht mehr lange und Schn\u00f6ggersburg ist \u00fcberall \u2013 in Bremen, Madrid, Rom, Berlin \u00fcberall wo es den Besitztum der \u201eSch\u00f6nen und Reichen\u201c zu verteidigen gilt.<\/p>\n<p>In der Hoffnung \u2013 dass ich ein solches Szenarium nicht wirklich miterleben mu\u00df \u2013 verbleibe ich nachdenklich bis zu n\u00e4chsten mal euer Franz Zehnbier.<\/p>\n<p>Sollte wegen dieser Kolumne die Bundesanwaltschaft gegen mich Ermittlungen aufnehmen \u2013 bleibt mir am Ende auch nur die Flucht in die Botschaft von Ecuador mit der bitte um politisches Asyl.<\/p>\n","protected":false},"excerpt":{"rendered":"<p>H\u00e4userkampf, wer von euch da an den Kosovo, an Afghanistan oder Syrien denkt &#8211; liegt v\u00f6llig verkehrt. Mitten im Sommerloch kam sie &#8211; die Meldung am Rande &#8211; die uns alle zu denken geben sollte. Die Bundeswehr baut f\u00fcr \u201eknapp\u201c &hellip; <a href=\"https:\/\/franz-zehnbier.de\/?p=669\">Weiterlesen <span class=\"meta-nav\">&rarr;<\/span><\/a><\/p>\n","protected":false},"author":2,"featured_media":0,"comment_status":"open","ping_status":"open","sticky":false,"template":"","format":"standard","meta":{"footnotes":""},"categories":[1,33,34,3],"tags":[],"class_list":["post-669","post","type-post","status-publish","format-standard","hentry","category-allgemein","category-events","category-ii-staffel","category-woche-mit-zehnbier"],"_links":{"self":[{"href":"https:\/\/franz-zehnbier.de\/index.php?rest_route=\/wp\/v2\/posts\/669","targetHints":{"allow":["GET"]}}],"collection":[{"href":"https:\/\/franz-zehnbier.de\/index.php?rest_route=\/wp\/v2\/posts"}],"about":[{"href":"https:\/\/franz-zehnbier.de\/index.php?rest_route=\/wp\/v2\/types\/post"}],"author":[{"embeddable":true,"href":"https:\/\/franz-zehnbier.de\/index.php?rest_route=\/wp\/v2\/users\/2"}],"replies":[{"embeddable":true,"href":"https:\/\/franz-zehnbier.de\/index.php?rest_route=%2Fwp%2Fv2%2Fcomments&post=669"}],"version-history":[{"count":2,"href":"https:\/\/franz-zehnbier.de\/index.php?rest_route=\/wp\/v2\/posts\/669\/revisions"}],"predecessor-version":[{"id":672,"href":"https:\/\/franz-zehnbier.de\/index.php?rest_route=\/wp\/v2\/posts\/669\/revisions\/672"}],"wp:attachment":[{"href":"https:\/\/franz-zehnbier.de\/index.php?rest_route=%2Fwp%2Fv2%2Fmedia&parent=669"}],"wp:term":[{"taxonomy":"category","embeddable":true,"href":"https:\/\/franz-zehnbier.de\/index.php?rest_route=%2Fwp%2Fv2%2Fcategories&post=669"},{"taxonomy":"post_tag","embeddable":true,"href":"https:\/\/franz-zehnbier.de\/index.php?rest_route=%2Fwp%2Fv2%2Ftags&post=669"}],"curies":[{"name":"wp","href":"https:\/\/api.w.org\/{rel}","templated":true}]}}