{"id":498,"date":"2011-11-13T19:08:35","date_gmt":"2011-11-13T19:08:35","guid":{"rendered":"http:\/\/franz-zehnbier.de\/?p=498"},"modified":"2011-11-15T05:53:21","modified_gmt":"2011-11-15T05:53:21","slug":"ich-geb-mein-bambi-zuruck","status":"publish","type":"post","link":"https:\/\/franz-zehnbier.de\/?p=498","title":{"rendered":"Ich geb mein Bambi zur\u00fcck!"},"content":{"rendered":"<p><a href=\"https:\/\/franz-zehnbier.de\/wp-content\/uploads\/2011\/11\/45kw2011-big1.jpg\"><img loading=\"lazy\" decoding=\"async\" class=\"alignleft size-thumbnail wp-image-499\" title=\"45kw2011-big1\" src=\"https:\/\/franz-zehnbier.de\/wp-content\/uploads\/2011\/11\/45kw2011-big1-150x150.jpg\" alt=\"\" width=\"150\" height=\"150\" srcset=\"https:\/\/franz-zehnbier.de\/wp-content\/uploads\/2011\/11\/45kw2011-big1-150x150.jpg 150w, https:\/\/franz-zehnbier.de\/wp-content\/uploads\/2011\/11\/45kw2011-big1-300x300.jpg 300w, https:\/\/franz-zehnbier.de\/wp-content\/uploads\/2011\/11\/45kw2011-big1.jpg 800w\" sizes=\"auto, (max-width: 150px) 100vw, 150px\" \/><\/a><iframe loading=\"lazy\" src=\"http:\/\/www.youtube.com\/embed\/xgloIp6EUds\" frameborder=\"0\" width=\"420\" height=\"315\"><\/iframe>Leute, Leute, Leute \u2013 die Bambi &#8211; Verleihung ein Skandal?<br \/>\nVon wegen, nur traurig!<br \/>\nDer anscheinend unter ADHS leidende Burda-Verlag wusste sich einfach nicht anders zu helfen, als den Preis an jemanden der Ihn nicht verdient &#8211; zu verleihen, um mehr Aufmerksamkeit in den Medien zu bekommen.<!--more-->Gratulation lieber Burda-Verlag! Bushido, dass war eine gute Wahl!<br \/>\nDarauf mu\u00df man erst mal kommen einen Rapper der es mit brutalen, Menschen verachtenden, Frauen und Homosexuellen diskriminierenden Texten zu einer sehr fraglichen Ber\u00fchmtheit brachte in einem Atemzug zum Beispiel mit Menschen, die sich f\u00fcr Menschen mit Handicap einsetzen oder andere die sich in einem Hospiz engagieren auszuzeichnen.<br \/>\nNur das Komitee, was den Friedensnobelpreis verleiht, kann das noch toppen!<\/p>\n<p>Bei der Bambi \u2013 Verleihung wollte irgendwie die Freude &#8211; nicht wirklich aufkommen.<br \/>\nRosenstolz stie\u00df es h\u00f6rbar und sichtlich sauer auf, Thomas Gottschalk war der Preis nicht einmal einen Platz im eigenen Regal wert! Er k\u00fcndigte an ihn unter den Mitarbeitern von Wetten Dass! (vom Kabeltr\u00e4ger bis hin zur Putzfrau) zu verlosen!<br \/>\nVolkss\u00e4nger Heino zog sofort Konsequenzen und r\u00e4umte die Troph\u00e4e, die ihm 1990 verliehen wurde, pers\u00f6nlich aus dem Regal seines Caf\u00e9s in Bad M\u00fcnstereifel.<br \/>\nZitat: \u201eIch bin zutiefst emp\u00f6rt, dass man einen gewaltt\u00e4tigen Kriminellen wie Bushido den \u201eBambi\u201c verleiht.<br \/>\nMit diesem Mann m\u00f6chte ich nicht auf eine Stufe gestellt werden.\u201c<br \/>\nMit dieser Begr\u00fcndung schickte er dankend seinen \u201eBambi\u201c an den Burda-Verlag zur\u00fcck!<br \/>\nDoch was mache ich nun mit meinem \u201eBambi\u201c?<br \/>\nDas kleine Kitz, was ich im Fr\u00fchjahr angefahren und dann gerettet habe.<br \/>\nEs w\u00e4chst mir bald \u00fcber meinen mittlerweile kahl gefressen Kopf und von meinen Topfpflanzen ist auch keine Spur mehr zu finden.<br \/>\nWas soll ich nur mit ihm, meinem \u201eBambi\u201c machen?<br \/>\nWild ist ja bekanntlich lecker zu essen \u2013 wenn man es richtig zu zu bereiten versteht.<br \/>\nDoch ob es mir dann noch schmeckt &#8211; wenn ich es nach einem Rezept &#8211; was ich in einem Wartezimmer aus einer Zeitschrift des Burda-Verlages ausgeschnitten habe zubereite \u2013 wage ich zu bezweifeln.<br \/>\nAu\u00dferdem hat es mich bei diesen Gedanken &#8211; ganz traurig mit seinen Reh\u00e4uglein angeschaut. Nein es h\u00e4tte mir das Herz gebrochen, so habe ich mich kurzerhand entschlossen es Heino gleich zu tun.<\/p>\n<p>Nein ich habe es nicht zum Burda-Verlag geschickt \u2013 sondern zur\u00fcck in den Wald wo es her kam.<br \/>\nSollte mal irgendwer auf die Idee kommen mir den \u201eBurda-Bambi\u201c verleihen zu wollen \u2013 werde ich dankend ablehnen!<br \/>\nMeine Begr\u00fcndung: Sehr geehrte Damen und Herren.<br \/>\nNach der Verleihung dieses Preises 2011 an Bushido, traue ich ihnen durchaus zu Ihren Preis aus Aufmerksamkeitsgr\u00fcnden, auch Postum zum Beispiel: an Leni Riefenstahl oder auch Reichspropagandaminister Goebbels zu verleihen. Solch einen Preis kann ich als weltoffener, humanistisch denkener, demokratischer Freigeist nicht annehmen.<\/p>\n<p>In diesem Sinne verbleibe ich in meinem Waldschl\u00f6sschen, meinem auf der Waldwiese \u00e4senden Bambi zuschauend, bis zur n\u00e4chsten Woche Euer Franz Zehnbier.<\/p>\n","protected":false},"excerpt":{"rendered":"<p>Leute, Leute, Leute \u2013 die Bambi &#8211; Verleihung ein Skandal? Von wegen, nur traurig! Der anscheinend unter ADHS leidende Burda-Verlag wusste sich einfach nicht anders zu helfen, als den Preis an jemanden der Ihn nicht verdient &#8211; zu verleihen, um &hellip; <a href=\"https:\/\/franz-zehnbier.de\/?p=498\">Weiterlesen <span class=\"meta-nav\">&rarr;<\/span><\/a><\/p>\n","protected":false},"author":1,"featured_media":0,"comment_status":"open","ping_status":"open","sticky":false,"template":"","format":"standard","meta":{"footnotes":""},"categories":[34,3],"tags":[52,51,53,55,60,57,56,58,59,54],"class_list":["post-498","post","type-post","status-publish","format-standard","hentry","category-ii-staffel","category-woche-mit-zehnbier","tag-bambi","tag-burda-verlag","tag-friedensnobelpreis","tag-heino","tag-homosexuellen","tag-kabeltrager","tag-kitz","tag-putzfrau","tag-thomas-gottschalk","tag-waldschlosschen"],"_links":{"self":[{"href":"https:\/\/franz-zehnbier.de\/index.php?rest_route=\/wp\/v2\/posts\/498","targetHints":{"allow":["GET"]}}],"collection":[{"href":"https:\/\/franz-zehnbier.de\/index.php?rest_route=\/wp\/v2\/posts"}],"about":[{"href":"https:\/\/franz-zehnbier.de\/index.php?rest_route=\/wp\/v2\/types\/post"}],"author":[{"embeddable":true,"href":"https:\/\/franz-zehnbier.de\/index.php?rest_route=\/wp\/v2\/users\/1"}],"replies":[{"embeddable":true,"href":"https:\/\/franz-zehnbier.de\/index.php?rest_route=%2Fwp%2Fv2%2Fcomments&post=498"}],"version-history":[{"count":4,"href":"https:\/\/franz-zehnbier.de\/index.php?rest_route=\/wp\/v2\/posts\/498\/revisions"}],"predecessor-version":[{"id":505,"href":"https:\/\/franz-zehnbier.de\/index.php?rest_route=\/wp\/v2\/posts\/498\/revisions\/505"}],"wp:attachment":[{"href":"https:\/\/franz-zehnbier.de\/index.php?rest_route=%2Fwp%2Fv2%2Fmedia&parent=498"}],"wp:term":[{"taxonomy":"category","embeddable":true,"href":"https:\/\/franz-zehnbier.de\/index.php?rest_route=%2Fwp%2Fv2%2Fcategories&post=498"},{"taxonomy":"post_tag","embeddable":true,"href":"https:\/\/franz-zehnbier.de\/index.php?rest_route=%2Fwp%2Fv2%2Ftags&post=498"}],"curies":[{"name":"wp","href":"https:\/\/api.w.org\/{rel}","templated":true}]}}